{"id":19918,"date":"2017-04-04T13:17:14","date_gmt":"2017-04-04T11:17:14","guid":{"rendered":"https:\/\/www.initiative-sauberes-trinkwasser.ch\/die-kapitulation-vor-dem-gesetz-getarnt-als-aktionsplan\/"},"modified":"2017-04-04T13:17:14","modified_gmt":"2017-04-04T11:17:14","slug":"die-kapitulation-vor-dem-gesetz-getarnt-als-aktionsplan-2","status":"publish","type":"post","link":"https:\/\/www.initiative-sauberes-trinkwasser.ch\/fr\/die-kapitulation-vor-dem-gesetz-getarnt-als-aktionsplan-2\/","title":{"rendered":"Die Kapitulation vor dem Gesetz getarnt als Aktionsplan"},"content":{"rendered":"<p>Umweltorganisationen haben vom Bundesrat angesichts der alarmierenden Resultate der Gew\u00e4sseruntersuchungen einen wirkungsvollen Pestizidreduktionsplan gefordert. Denn \u00fcber die Nahrungsmittelkette sei auch der Mensch vom giftigen Pestizidcocktail betroffen. &#8211;<\/p>\n<p>F\u00fcr den Verein Sauberes Wasser f\u00fcr alle, der hinter der Volksinitiative \u00ab\u00a0F\u00fcr sauberes Trinkwasser und gesunde Nahrung &#8211; Keine Subventionen f\u00fcr den Pestizid- und den prophylaktischen Antibiotika-Einsatz\u00a0\u00bb steht, kapituliert der Gesetzgeber vor den eigenen Gesetzen.<\/p>\n<p>Alarmierende Zust\u00e4nde in unseren B\u00e4chen<\/p>\n","protected":false},"excerpt":{"rendered":"<p>Umweltorganisationen haben vom Bundesrat angesichts der alarmierenden Resultate der Gew\u00e4sseruntersuchungen einen wirkungsvollen Pestizidreduktionsplan gefordert. Denn \u00fcber die Nahrungsmittelkette sei auch der Mensch vom giftigen Pestizidcocktail betroffen. &#8211; F\u00fcr den Verein Sauberes Wasser f\u00fcr alle, der hinter der Volksinitiative \u00ab\u00a0F\u00fcr sauberes Trinkwasser und gesunde Nahrung &#8211; Keine Subventionen f\u00fcr den Pestizid- und den prophylaktischen Antibiotika-Einsatz\u00a0\u00bb steht, [&hellip;]<\/p>\n","protected":false},"author":3,"featured_media":0,"comment_status":"closed","ping_status":"closed","sticky":false,"template":"","format":"standard","meta":{"inline_featured_image":false},"categories":[48],"tags":[],"acf":[],"featured_image_urls":{"full":"","thumbnail":"","medium":"","medium_large":"","large":"","1536x1536":"","2048x2048":"","post-thumbnail":"","twentytwenty-fullscreen":""},"post_excerpt_stackable":"<p>Umweltorganisationen haben vom Bundesrat angesichts der alarmierenden Resultate der Gew\u00e4sseruntersuchungen einen wirkungsvollen Pestizidreduktionsplan gefordert. Denn \u00fcber die Nahrungsmittelkette sei auch der Mensch vom giftigen Pestizidcocktail betroffen. &#8211; F\u00fcr den Verein Sauberes Wasser f\u00fcr alle, der hinter der Volksinitiative \u00ab\u00a0F\u00fcr sauberes Trinkwasser und gesunde Nahrung &#8211; Keine Subventionen f\u00fcr den Pestizid- und den prophylaktischen Antibiotika-Einsatz\u00a0\u00bb steht, kapituliert der Gesetzgeber vor den eigenen Gesetzen. Alarmierende Zust\u00e4nde in unseren B\u00e4chen<\/p>\n","category_list":"<a href=\"https:\/\/www.initiative-sauberes-trinkwasser.ch\/category\/zz__unkategorisiert\/\" rel=\"category tag\">zz__Unkategorisiert<\/a>","author_info":{"name":"Franziska Herren","url":"https:\/\/www.initiative-sauberes-trinkwasser.ch\/fr\/author\/franziska-herren\/"},"comments_num":"0 commentaire","featured_image_urls_v2":{"full":"","thumbnail":"","medium":"","medium_large":"","large":"","1536x1536":"","2048x2048":"","post-thumbnail":"","twentytwenty-fullscreen":""},"post_excerpt_stackable_v2":"<p>Umweltorganisationen haben vom Bundesrat angesichts der alarmierenden Resultate der Gew\u00e4sseruntersuchungen einen wirkungsvollen Pestizidreduktionsplan gefordert. Denn \u00fcber die Nahrungsmittelkette sei auch der Mensch vom giftigen Pestizidcocktail betroffen. &#8211; F\u00fcr den Verein Sauberes Wasser f\u00fcr alle, der hinter der Volksinitiative \u00ab\u00a0F\u00fcr sauberes Trinkwasser und gesunde Nahrung &#8211; Keine Subventionen f\u00fcr den Pestizid- und den prophylaktischen Antibiotika-Einsatz\u00a0\u00bb steht, kapituliert der Gesetzgeber vor den eigenen Gesetzen. Alarmierende Zust\u00e4nde in unseren B\u00e4chen<\/p>\n","category_list_v2":"<a href=\"https:\/\/www.initiative-sauberes-trinkwasser.ch\/category\/zz__unkategorisiert\/\" rel=\"category tag\">zz__Unkategorisiert<\/a>","author_info_v2":{"name":"Franziska Herren","url":"https:\/\/www.initiative-sauberes-trinkwasser.ch\/fr\/author\/franziska-herren\/"},"comments_num_v2":"0 commentaire","yoast_head":"<!-- This site is optimized with the Yoast SEO plugin v19.4 - https:\/\/yoast.com\/wordpress\/plugins\/seo\/ -->\n<title>Die Kapitulation vor dem Gesetz getarnt als Aktionsplan - Trinkwasserinitiative<\/title>\n<meta name=\"robots\" content=\"index, follow, max-snippet:-1, max-image-preview:large, max-video-preview:-1\" \/>\n<link rel=\"canonical\" href=\"https:\/\/www.initiative-sauberes-trinkwasser.ch\/fr\/die-kapitulation-vor-dem-gesetz-getarnt-als-aktionsplan-2\/\" \/>\n<meta property=\"og:locale\" content=\"fr_FR\" \/>\n<meta property=\"og:type\" content=\"article\" \/>\n<meta property=\"og:title\" content=\"Die Kapitulation vor dem Gesetz getarnt als Aktionsplan - Trinkwasserinitiative\" \/>\n<meta property=\"og:description\" content=\"Umweltorganisationen haben vom Bundesrat angesichts der alarmierenden Resultate der Gew\u00e4sseruntersuchungen einen wirkungsvollen Pestizidreduktionsplan gefordert. Denn \u00fcber die Nahrungsmittelkette sei auch der Mensch vom giftigen Pestizidcocktail betroffen. &#8211; F\u00fcr den Verein Sauberes Wasser f\u00fcr alle, der hinter der Volksinitiative \u00ab\u00a0F\u00fcr sauberes Trinkwasser und gesunde Nahrung &#8211; Keine Subventionen f\u00fcr den Pestizid- und den prophylaktischen Antibiotika-Einsatz\u00a0\u00bb steht, [&hellip;]\" \/>\n<meta property=\"og:url\" content=\"https:\/\/www.initiative-sauberes-trinkwasser.ch\/fr\/die-kapitulation-vor-dem-gesetz-getarnt-als-aktionsplan-2\/\" \/>\n<meta property=\"og:site_name\" content=\"Trinkwasserinitiative\" \/>\n<meta property=\"article:published_time\" content=\"2017-04-04T11:17:14+00:00\" \/>\n<meta property=\"og:image\" content=\"https:\/\/www.initiative-sauberes-trinkwasser.ch\/wp-content\/uploads\/2020\/12\/TWI_Spenden_unterstu\u0308tzen_FB-1.png\" \/>\n\t<meta property=\"og:image:width\" content=\"3917\" \/>\n\t<meta property=\"og:image:height\" content=\"3283\" \/>\n\t<meta property=\"og:image:type\" content=\"image\/png\" \/>\n<meta name=\"author\" content=\"Franziska Herren\" \/>\n<meta name=\"twitter:card\" content=\"summary_large_image\" \/>\n<meta name=\"twitter:label1\" content=\"\u00c9crit par\" \/>\n\t<meta name=\"twitter:data1\" content=\"Franziska Herren\" \/>\n<script type=\"application\/ld+json\" class=\"yoast-schema-graph\">{\"@context\":\"https:\/\/schema.org\",\"@graph\":[{\"@type\":\"WebSite\",\"@id\":\"https:\/\/www.initiative-sauberes-trinkwasser.ch\/#website\",\"url\":\"https:\/\/www.initiative-sauberes-trinkwasser.ch\/\",\"name\":\"Trinkwasserinitiative\",\"description\":\"\",\"potentialAction\":[{\"@type\":\"SearchAction\",\"target\":{\"@type\":\"EntryPoint\",\"urlTemplate\":\"https:\/\/www.initiative-sauberes-trinkwasser.ch\/?s={search_term_string}\"},\"query-input\":\"required name=search_term_string\"}],\"inLanguage\":\"fr-FR\"},{\"@type\":\"WebPage\",\"@id\":\"https:\/\/www.initiative-sauberes-trinkwasser.ch\/fr\/die-kapitulation-vor-dem-gesetz-getarnt-als-aktionsplan-2\/\",\"url\":\"https:\/\/www.initiative-sauberes-trinkwasser.ch\/fr\/die-kapitulation-vor-dem-gesetz-getarnt-als-aktionsplan-2\/\",\"name\":\"Die Kapitulation vor dem Gesetz getarnt als Aktionsplan - Trinkwasserinitiative\",\"isPartOf\":{\"@id\":\"https:\/\/www.initiative-sauberes-trinkwasser.ch\/#website\"},\"datePublished\":\"2017-04-04T11:17:14+00:00\",\"dateModified\":\"2017-04-04T11:17:14+00:00\",\"author\":{\"@id\":\"https:\/\/www.initiative-sauberes-trinkwasser.ch\/#\/schema\/person\/2e3d0281a1feede7864405b7cf2a3a20\"},\"breadcrumb\":{\"@id\":\"https:\/\/www.initiative-sauberes-trinkwasser.ch\/fr\/die-kapitulation-vor-dem-gesetz-getarnt-als-aktionsplan-2\/#breadcrumb\"},\"inLanguage\":\"fr-FR\",\"potentialAction\":[{\"@type\":\"ReadAction\",\"target\":[\"https:\/\/www.initiative-sauberes-trinkwasser.ch\/fr\/die-kapitulation-vor-dem-gesetz-getarnt-als-aktionsplan-2\/\"]}]},{\"@type\":\"BreadcrumbList\",\"@id\":\"https:\/\/www.initiative-sauberes-trinkwasser.ch\/fr\/die-kapitulation-vor-dem-gesetz-getarnt-als-aktionsplan-2\/#breadcrumb\",\"itemListElement\":[{\"@type\":\"ListItem\",\"position\":1,\"name\":\"Home\",\"item\":\"https:\/\/www.initiative-sauberes-trinkwasser.ch\/fr\/\"},{\"@type\":\"ListItem\",\"position\":2,\"name\":\"Die Kapitulation vor dem Gesetz getarnt als Aktionsplan\"}]},{\"@type\":\"Person\",\"@id\":\"https:\/\/www.initiative-sauberes-trinkwasser.ch\/#\/schema\/person\/2e3d0281a1feede7864405b7cf2a3a20\",\"name\":\"Franziska Herren\",\"image\":{\"@type\":\"ImageObject\",\"inLanguage\":\"fr-FR\",\"@id\":\"https:\/\/www.initiative-sauberes-trinkwasser.ch\/#\/schema\/person\/image\/\",\"url\":\"https:\/\/secure.gravatar.com\/avatar\/427ba4174b9ed07593ee610615fceb11?s=96&d=mm&r=g\",\"contentUrl\":\"https:\/\/secure.gravatar.com\/avatar\/427ba4174b9ed07593ee610615fceb11?s=96&d=mm&r=g\",\"caption\":\"Franziska Herren\"}}]}<\/script>\n<!-- \/ Yoast SEO plugin. -->","yoast_head_json":{"title":"Die Kapitulation vor dem Gesetz getarnt als Aktionsplan - Trinkwasserinitiative","robots":{"index":"index","follow":"follow","max-snippet":"max-snippet:-1","max-image-preview":"max-image-preview:large","max-video-preview":"max-video-preview:-1"},"canonical":"https:\/\/www.initiative-sauberes-trinkwasser.ch\/fr\/die-kapitulation-vor-dem-gesetz-getarnt-als-aktionsplan-2\/","og_locale":"fr_FR","og_type":"article","og_title":"Die Kapitulation vor dem Gesetz getarnt als Aktionsplan - Trinkwasserinitiative","og_description":"Umweltorganisationen haben vom Bundesrat angesichts der alarmierenden Resultate der Gew\u00e4sseruntersuchungen einen wirkungsvollen Pestizidreduktionsplan gefordert. Denn \u00fcber die Nahrungsmittelkette sei auch der Mensch vom giftigen Pestizidcocktail betroffen. &#8211; F\u00fcr den Verein Sauberes Wasser f\u00fcr alle, der hinter der Volksinitiative \u00ab\u00a0F\u00fcr sauberes Trinkwasser und gesunde Nahrung &#8211; Keine Subventionen f\u00fcr den Pestizid- und den prophylaktischen Antibiotika-Einsatz\u00a0\u00bb steht, [&hellip;]","og_url":"https:\/\/www.initiative-sauberes-trinkwasser.ch\/fr\/die-kapitulation-vor-dem-gesetz-getarnt-als-aktionsplan-2\/","og_site_name":"Trinkwasserinitiative","article_published_time":"2017-04-04T11:17:14+00:00","og_image":[{"width":3917,"height":3283,"url":"https:\/\/www.initiative-sauberes-trinkwasser.ch\/wp-content\/uploads\/2020\/12\/TWI_Spenden_unterstu\u0308tzen_FB-1.png","type":"image\/png"}],"author":"Franziska Herren","twitter_card":"summary_large_image","twitter_misc":{"\u00c9crit par":"Franziska Herren"},"schema":{"@context":"https:\/\/schema.org","@graph":[{"@type":"WebSite","@id":"https:\/\/www.initiative-sauberes-trinkwasser.ch\/#website","url":"https:\/\/www.initiative-sauberes-trinkwasser.ch\/","name":"Trinkwasserinitiative","description":"","potentialAction":[{"@type":"SearchAction","target":{"@type":"EntryPoint","urlTemplate":"https:\/\/www.initiative-sauberes-trinkwasser.ch\/?s={search_term_string}"},"query-input":"required name=search_term_string"}],"inLanguage":"fr-FR"},{"@type":"WebPage","@id":"https:\/\/www.initiative-sauberes-trinkwasser.ch\/fr\/die-kapitulation-vor-dem-gesetz-getarnt-als-aktionsplan-2\/","url":"https:\/\/www.initiative-sauberes-trinkwasser.ch\/fr\/die-kapitulation-vor-dem-gesetz-getarnt-als-aktionsplan-2\/","name":"Die Kapitulation vor dem Gesetz getarnt als Aktionsplan - Trinkwasserinitiative","isPartOf":{"@id":"https:\/\/www.initiative-sauberes-trinkwasser.ch\/#website"},"datePublished":"2017-04-04T11:17:14+00:00","dateModified":"2017-04-04T11:17:14+00:00","author":{"@id":"https:\/\/www.initiative-sauberes-trinkwasser.ch\/#\/schema\/person\/2e3d0281a1feede7864405b7cf2a3a20"},"breadcrumb":{"@id":"https:\/\/www.initiative-sauberes-trinkwasser.ch\/fr\/die-kapitulation-vor-dem-gesetz-getarnt-als-aktionsplan-2\/#breadcrumb"},"inLanguage":"fr-FR","potentialAction":[{"@type":"ReadAction","target":["https:\/\/www.initiative-sauberes-trinkwasser.ch\/fr\/die-kapitulation-vor-dem-gesetz-getarnt-als-aktionsplan-2\/"]}]},{"@type":"BreadcrumbList","@id":"https:\/\/www.initiative-sauberes-trinkwasser.ch\/fr\/die-kapitulation-vor-dem-gesetz-getarnt-als-aktionsplan-2\/#breadcrumb","itemListElement":[{"@type":"ListItem","position":1,"name":"Home","item":"https:\/\/www.initiative-sauberes-trinkwasser.ch\/fr\/"},{"@type":"ListItem","position":2,"name":"Die Kapitulation vor dem Gesetz getarnt als Aktionsplan"}]},{"@type":"Person","@id":"https:\/\/www.initiative-sauberes-trinkwasser.ch\/#\/schema\/person\/2e3d0281a1feede7864405b7cf2a3a20","name":"Franziska Herren","image":{"@type":"ImageObject","inLanguage":"fr-FR","@id":"https:\/\/www.initiative-sauberes-trinkwasser.ch\/#\/schema\/person\/image\/","url":"https:\/\/secure.gravatar.com\/avatar\/427ba4174b9ed07593ee610615fceb11?s=96&d=mm&r=g","contentUrl":"https:\/\/secure.gravatar.com\/avatar\/427ba4174b9ed07593ee610615fceb11?s=96&d=mm&r=g","caption":"Franziska Herren"}}]}},"_links":{"self":[{"href":"https:\/\/www.initiative-sauberes-trinkwasser.ch\/fr\/wp-json\/wp\/v2\/posts\/19918"}],"collection":[{"href":"https:\/\/www.initiative-sauberes-trinkwasser.ch\/fr\/wp-json\/wp\/v2\/posts"}],"about":[{"href":"https:\/\/www.initiative-sauberes-trinkwasser.ch\/fr\/wp-json\/wp\/v2\/types\/post"}],"author":[{"embeddable":true,"href":"https:\/\/www.initiative-sauberes-trinkwasser.ch\/fr\/wp-json\/wp\/v2\/users\/3"}],"replies":[{"embeddable":true,"href":"https:\/\/www.initiative-sauberes-trinkwasser.ch\/fr\/wp-json\/wp\/v2\/comments?post=19918"}],"version-history":[{"count":0,"href":"https:\/\/www.initiative-sauberes-trinkwasser.ch\/fr\/wp-json\/wp\/v2\/posts\/19918\/revisions"}],"wp:attachment":[{"href":"https:\/\/www.initiative-sauberes-trinkwasser.ch\/fr\/wp-json\/wp\/v2\/media?parent=19918"}],"wp:term":[{"taxonomy":"category","embeddable":true,"href":"https:\/\/www.initiative-sauberes-trinkwasser.ch\/fr\/wp-json\/wp\/v2\/categories?post=19918"},{"taxonomy":"post_tag","embeddable":true,"href":"https:\/\/www.initiative-sauberes-trinkwasser.ch\/fr\/wp-json\/wp\/v2\/tags?post=19918"}],"curies":[{"name":"wp","href":"https:\/\/api.w.org\/{rel}","templated":true}]}}